{"id":296,"date":"2021-04-11T20:24:03","date_gmt":"2021-04-11T20:24:03","guid":{"rendered":"https:\/\/mms-event.de\/?p=296"},"modified":"2021-04-11T20:24:03","modified_gmt":"2021-04-11T20:24:03","slug":"konferenz-und-medientechnik","status":"publish","type":"post","link":"https:\/\/mms-event.de\/index.php\/2021\/04\/11\/konferenz-und-medientechnik\/","title":{"rendered":"Konferenz- und Medientechnik"},"content":{"rendered":"\t\t<div data-elementor-type=\"wp-post\" data-elementor-id=\"296\" class=\"elementor elementor-296\">\n\t\t\t\t\t\t<section class=\"elementor-section elementor-top-section elementor-element elementor-element-74b6613 elementor-section-boxed elementor-section-height-default elementor-section-height-default\" data-id=\"74b6613\" data-element_type=\"section\" data-e-type=\"section\">\n\t\t\t\t\t\t<div class=\"elementor-container elementor-column-gap-default\">\n\t\t\t\t\t<div class=\"elementor-column elementor-col-100 elementor-top-column elementor-element elementor-element-60f1b6c\" data-id=\"60f1b6c\" data-element_type=\"column\" data-e-type=\"column\">\n\t\t\t<div class=\"elementor-widget-wrap elementor-element-populated\">\n\t\t\t\t\t\t<div class=\"elementor-element elementor-element-d5618b8 elementor-widget elementor-widget-image\" data-id=\"d5618b8\" data-element_type=\"widget\" data-e-type=\"widget\" data-widget_type=\"image.default\">\n\t\t\t\t<div class=\"elementor-widget-container\">\n\t\t\t\t\t\t\t\t\t\t\t\t\t\t\t<img fetchpriority=\"high\" decoding=\"async\" width=\"1024\" height=\"768\" src=\"https:\/\/mms-event.de\/wp-content\/uploads\/2021\/04\/Bildschirme-1.jpg\" class=\"attachment-large size-large wp-image-298\" alt=\"\" srcset=\"https:\/\/mms-event.de\/wp-content\/uploads\/2021\/04\/Bildschirme-1.jpg 1024w, https:\/\/mms-event.de\/wp-content\/uploads\/2021\/04\/Bildschirme-1-300x225.jpg 300w, https:\/\/mms-event.de\/wp-content\/uploads\/2021\/04\/Bildschirme-1-768x576.jpg 768w\" sizes=\"(max-width: 1024px) 100vw, 1024px\" \/>\t\t\t\t\t\t\t\t\t\t\t\t\t\t\t<\/div>\n\t\t\t\t<\/div>\n\t\t\t\t\t<\/div>\n\t\t<\/div>\n\t\t\t\t\t<\/div>\n\t\t<\/section>\n\t\t\t\t<section class=\"elementor-section elementor-top-section elementor-element elementor-element-6535322 elementor-section-boxed elementor-section-height-default elementor-section-height-default\" data-id=\"6535322\" data-element_type=\"section\" data-e-type=\"section\">\n\t\t\t\t\t\t<div class=\"elementor-container elementor-column-gap-default\">\n\t\t\t\t\t<div class=\"elementor-column elementor-col-100 elementor-top-column elementor-element elementor-element-2330d3d\" data-id=\"2330d3d\" data-element_type=\"column\" data-e-type=\"column\">\n\t\t\t<div class=\"elementor-widget-wrap elementor-element-populated\">\n\t\t\t\t\t\t<div class=\"elementor-element elementor-element-f9e1957 elementor-widget elementor-widget-text-editor\" data-id=\"f9e1957\" data-element_type=\"widget\" data-e-type=\"widget\" data-widget_type=\"text-editor.default\">\n\t\t\t\t<div class=\"elementor-widget-container\">\n\t\t\t\t\t\t\t\t\t<p>Ihre Botschaft &#8211; audiovisuell<\/p><p>Wir bieten Ihnen modernste Konferenz- und Medientechnik, vom hochwertigen Mikrofon \u00fcber die Konferenzanlage, interaktive Rednerpulte, Projektoren und Displays in allen Gr\u00f6\u00dfen. Auch stellen wir Ihnen gern die Hard- und Software f\u00fcr Ihre Pr\u00e4sentation zur Verf\u00fcgung, ob Laptop, Medienserver oder Pr\u00e4senter, Votingtool oder Tablet.<\/p>\t\t\t\t\t\t\t\t<\/div>\n\t\t\t\t<\/div>\n\t\t\t\t\t<\/div>\n\t\t<\/div>\n\t\t\t\t\t<\/div>\n\t\t<\/section>\n\t\t\t\t<\/div>\n\t\t","protected":false},"excerpt":{"rendered":"<p>Ihre Botschaft &#8211; audiovisuell Wir bieten Ihnen modernste Konferenz- und Medientechnik, vom hochwertigen Mikrofon \u00fcber die Konferenzanlage, interaktive Rednerpulte, Projektoren und Displays in allen Gr\u00f6\u00dfen. Auch stellen wir Ihnen gern die Hard- und Software f\u00fcr Ihre Pr\u00e4sentation zur Verf\u00fcgung, ob Laptop, Medienserver oder Pr\u00e4senter, Votingtool oder Tablet.<\/p>\n","protected":false},"author":1,"featured_media":0,"comment_status":"closed","ping_status":"closed","sticky":false,"template":"","format":"standard","meta":{"neve_meta_sidebar":"","neve_meta_container":"","neve_meta_enable_content_width":"off","neve_meta_content_width":0,"neve_meta_title_alignment":"","neve_meta_author_avatar":"","neve_post_elements_order":"","neve_meta_disable_header":"","neve_meta_disable_footer":"","neve_meta_disable_title":"","footnotes":""},"categories":[2],"tags":[],"class_list":["post-296","post","type-post","status-publish","format-standard","hentry","category-portfolio"],"yoast_head":"<!-- This site is optimized with the Yoast SEO plugin v27.5 - https:\/\/yoast.com\/product\/yoast-seo-wordpress\/ -->\n<title>Konferenz- und Medientechnik - herzlich Willkommen bei Ihrem Konferenz-, Video- und Veranstaltungstechnikdienstleister aus dem Saarland f\u00fcr Deutschland, Grossregion und Oberrhein<\/title>\n<meta name=\"robots\" content=\"index, follow, max-snippet:-1, max-image-preview:large, max-video-preview:-1\" \/>\n<link rel=\"canonical\" href=\"https:\/\/mms-event.de\/index.php\/2021\/04\/11\/konferenz-und-medientechnik\/\" \/>\n<meta property=\"og:locale\" content=\"de_DE\" \/>\n<meta property=\"og:type\" content=\"article\" \/>\n<meta property=\"og:title\" content=\"Konferenz- und Medientechnik - herzlich Willkommen bei Ihrem Konferenz-, Video- und Veranstaltungstechnikdienstleister aus dem Saarland f\u00fcr Deutschland, Grossregion und Oberrhein\" \/>\n<meta property=\"og:description\" content=\"Ihre Botschaft &#8211; audiovisuell Wir bieten Ihnen modernste Konferenz- und Medientechnik, vom hochwertigen Mikrofon \u00fcber die Konferenzanlage, interaktive Rednerpulte, Projektoren und Displays in allen Gr\u00f6\u00dfen. Auch stellen wir Ihnen gern die Hard- und Software f\u00fcr Ihre Pr\u00e4sentation zur Verf\u00fcgung, ob Laptop, Medienserver oder Pr\u00e4senter, Votingtool oder Tablet.\" \/>\n<meta property=\"og:url\" content=\"https:\/\/mms-event.de\/index.php\/2021\/04\/11\/konferenz-und-medientechnik\/\" \/>\n<meta property=\"og:site_name\" content=\"herzlich Willkommen bei Ihrem Konferenz-, Video- und Veranstaltungstechnikdienstleister aus dem Saarland f\u00fcr Deutschland, Grossregion und Oberrhein\" \/>\n<meta property=\"article:published_time\" content=\"2021-04-11T20:24:03+00:00\" \/>\n<meta property=\"og:image\" content=\"https:\/\/mms-event.de\/wp-content\/uploads\/2021\/04\/Bildschirme.jpg\" \/>\n<meta name=\"author\" content=\"Steffen\" \/>\n<meta name=\"twitter:card\" content=\"summary_large_image\" \/>\n<meta name=\"twitter:label1\" content=\"Verfasst von\" \/>\n\t<meta name=\"twitter:data1\" content=\"Steffen\" \/>\n\t<meta name=\"twitter:label2\" content=\"Gesch\u00e4tzte Lesezeit\" \/>\n\t<meta name=\"twitter:data2\" content=\"1\u00a0Minute\" \/>\n<script type=\"application\/ld+json\" class=\"yoast-schema-graph\">{\"@context\":\"https:\\\/\\\/schema.org\",\"@graph\":[{\"@type\":\"Article\",\"@id\":\"https:\\\/\\\/mms-event.de\\\/index.php\\\/2021\\\/04\\\/11\\\/konferenz-und-medientechnik\\\/#article\",\"isPartOf\":{\"@id\":\"https:\\\/\\\/mms-event.de\\\/index.php\\\/2021\\\/04\\\/11\\\/konferenz-und-medientechnik\\\/\"},\"author\":{\"name\":\"Steffen\",\"@id\":\"https:\\\/\\\/mms-event.de\\\/#\\\/schema\\\/person\\\/f560a4eb33442d6ea2bfb8db47f4d186\"},\"headline\":\"Konferenz- und Medientechnik\",\"datePublished\":\"2021-04-11T20:24:03+00:00\",\"mainEntityOfPage\":{\"@id\":\"https:\\\/\\\/mms-event.de\\\/index.php\\\/2021\\\/04\\\/11\\\/konferenz-und-medientechnik\\\/\"},\"wordCount\":55,\"publisher\":{\"@id\":\"https:\\\/\\\/mms-event.de\\\/#organization\"},\"image\":{\"@id\":\"https:\\\/\\\/mms-event.de\\\/index.php\\\/2021\\\/04\\\/11\\\/konferenz-und-medientechnik\\\/#primaryimage\"},\"thumbnailUrl\":\"https:\\\/\\\/mms-event.de\\\/wp-content\\\/uploads\\\/2021\\\/04\\\/Bildschirme.jpg\",\"articleSection\":[\"Portfolio\"],\"inLanguage\":\"de\"},{\"@type\":\"WebPage\",\"@id\":\"https:\\\/\\\/mms-event.de\\\/index.php\\\/2021\\\/04\\\/11\\\/konferenz-und-medientechnik\\\/\",\"url\":\"https:\\\/\\\/mms-event.de\\\/index.php\\\/2021\\\/04\\\/11\\\/konferenz-und-medientechnik\\\/\",\"name\":\"Konferenz- und Medientechnik - herzlich Willkommen bei Ihrem Konferenz-, Video- und Veranstaltungstechnikdienstleister aus dem Saarland f\u00fcr Deutschland, Grossregion und Oberrhein\",\"isPartOf\":{\"@id\":\"https:\\\/\\\/mms-event.de\\\/#website\"},\"primaryImageOfPage\":{\"@id\":\"https:\\\/\\\/mms-event.de\\\/index.php\\\/2021\\\/04\\\/11\\\/konferenz-und-medientechnik\\\/#primaryimage\"},\"image\":{\"@id\":\"https:\\\/\\\/mms-event.de\\\/index.php\\\/2021\\\/04\\\/11\\\/konferenz-und-medientechnik\\\/#primaryimage\"},\"thumbnailUrl\":\"https:\\\/\\\/mms-event.de\\\/wp-content\\\/uploads\\\/2021\\\/04\\\/Bildschirme.jpg\",\"datePublished\":\"2021-04-11T20:24:03+00:00\",\"breadcrumb\":{\"@id\":\"https:\\\/\\\/mms-event.de\\\/index.php\\\/2021\\\/04\\\/11\\\/konferenz-und-medientechnik\\\/#breadcrumb\"},\"inLanguage\":\"de\",\"potentialAction\":[{\"@type\":\"ReadAction\",\"target\":[\"https:\\\/\\\/mms-event.de\\\/index.php\\\/2021\\\/04\\\/11\\\/konferenz-und-medientechnik\\\/\"]}]},{\"@type\":\"ImageObject\",\"inLanguage\":\"de\",\"@id\":\"https:\\\/\\\/mms-event.de\\\/index.php\\\/2021\\\/04\\\/11\\\/konferenz-und-medientechnik\\\/#primaryimage\",\"url\":\"https:\\\/\\\/mms-event.de\\\/wp-content\\\/uploads\\\/2021\\\/04\\\/Bildschirme.jpg\",\"contentUrl\":\"https:\\\/\\\/mms-event.de\\\/wp-content\\\/uploads\\\/2021\\\/04\\\/Bildschirme.jpg\"},{\"@type\":\"BreadcrumbList\",\"@id\":\"https:\\\/\\\/mms-event.de\\\/index.php\\\/2021\\\/04\\\/11\\\/konferenz-und-medientechnik\\\/#breadcrumb\",\"itemListElement\":[{\"@type\":\"ListItem\",\"position\":1,\"name\":\"Startseite\",\"item\":\"https:\\\/\\\/mms-event.de\\\/\"},{\"@type\":\"ListItem\",\"position\":2,\"name\":\"Konferenz- und Medientechnik\"}]},{\"@type\":\"WebSite\",\"@id\":\"https:\\\/\\\/mms-event.de\\\/#website\",\"url\":\"https:\\\/\\\/mms-event.de\\\/\",\"name\":\"herzlich Willkommen bei Ihrem Konferenz-, Video- und Veranstaltungstechnikdienstleister aus dem Saarland f\u00fcr Deutschland, Grossregion und Oberrhein\",\"description\":\"Information \u00fcber die Dienstleistungen und das Angebot an Konferenz- und Medientechnik unseres Unternehmens\",\"publisher\":{\"@id\":\"https:\\\/\\\/mms-event.de\\\/#organization\"},\"potentialAction\":[{\"@type\":\"SearchAction\",\"target\":{\"@type\":\"EntryPoint\",\"urlTemplate\":\"https:\\\/\\\/mms-event.de\\\/?s={search_term_string}\"},\"query-input\":{\"@type\":\"PropertyValueSpecification\",\"valueRequired\":true,\"valueName\":\"search_term_string\"}}],\"inLanguage\":\"de\"},{\"@type\":\"Organization\",\"@id\":\"https:\\\/\\\/mms-event.de\\\/#organization\",\"name\":\"mms-event music & media service e.K.\",\"url\":\"https:\\\/\\\/mms-event.de\\\/\",\"logo\":{\"@type\":\"ImageObject\",\"inLanguage\":\"de\",\"@id\":\"https:\\\/\\\/mms-event.de\\\/#\\\/schema\\\/logo\\\/image\\\/\",\"url\":\"https:\\\/\\\/mms-event.de\\\/wp-content\\\/uploads\\\/2023\\\/11\\\/2021-01-06_MMSevent-Logo_mit_Text_340px-1-300x67-1.jpg\",\"contentUrl\":\"https:\\\/\\\/mms-event.de\\\/wp-content\\\/uploads\\\/2023\\\/11\\\/2021-01-06_MMSevent-Logo_mit_Text_340px-1-300x67-1.jpg\",\"width\":300,\"height\":67,\"caption\":\"mms-event music & media service e.K.\"},\"image\":{\"@id\":\"https:\\\/\\\/mms-event.de\\\/#\\\/schema\\\/logo\\\/image\\\/\"}},{\"@type\":\"Person\",\"@id\":\"https:\\\/\\\/mms-event.de\\\/#\\\/schema\\\/person\\\/f560a4eb33442d6ea2bfb8db47f4d186\",\"name\":\"Steffen\",\"image\":{\"@type\":\"ImageObject\",\"inLanguage\":\"de\",\"@id\":\"https:\\\/\\\/secure.gravatar.com\\\/avatar\\\/100d36216d86770e41ec8c7ca51e02ce4f054541f49fca0c4e31849c6bcd700b?s=96&d=mm&r=g\",\"url\":\"https:\\\/\\\/secure.gravatar.com\\\/avatar\\\/100d36216d86770e41ec8c7ca51e02ce4f054541f49fca0c4e31849c6bcd700b?s=96&d=mm&r=g\",\"contentUrl\":\"https:\\\/\\\/secure.gravatar.com\\\/avatar\\\/100d36216d86770e41ec8c7ca51e02ce4f054541f49fca0c4e31849c6bcd700b?s=96&d=mm&r=g\",\"caption\":\"Steffen\"},\"sameAs\":[\"https:\\\/\\\/mms-event.de\"],\"url\":\"https:\\\/\\\/mms-event.de\\\/index.php\\\/author\\\/steffen\\\/\"}]}<\/script>\n<!-- \/ Yoast SEO plugin. -->","yoast_head_json":{"title":"Konferenz- und Medientechnik - herzlich Willkommen bei Ihrem Konferenz-, Video- und Veranstaltungstechnikdienstleister aus dem Saarland f\u00fcr Deutschland, Grossregion und Oberrhein","robots":{"index":"index","follow":"follow","max-snippet":"max-snippet:-1","max-image-preview":"max-image-preview:large","max-video-preview":"max-video-preview:-1"},"canonical":"https:\/\/mms-event.de\/index.php\/2021\/04\/11\/konferenz-und-medientechnik\/","og_locale":"de_DE","og_type":"article","og_title":"Konferenz- und Medientechnik - herzlich Willkommen bei Ihrem Konferenz-, Video- und Veranstaltungstechnikdienstleister aus dem Saarland f\u00fcr Deutschland, Grossregion und Oberrhein","og_description":"Ihre Botschaft &#8211; audiovisuell Wir bieten Ihnen modernste Konferenz- und Medientechnik, vom hochwertigen Mikrofon \u00fcber die Konferenzanlage, interaktive Rednerpulte, Projektoren und Displays in allen Gr\u00f6\u00dfen. Auch stellen wir Ihnen gern die Hard- und Software f\u00fcr Ihre Pr\u00e4sentation zur Verf\u00fcgung, ob Laptop, Medienserver oder Pr\u00e4senter, Votingtool oder Tablet.","og_url":"https:\/\/mms-event.de\/index.php\/2021\/04\/11\/konferenz-und-medientechnik\/","og_site_name":"herzlich Willkommen bei Ihrem Konferenz-, Video- und Veranstaltungstechnikdienstleister aus dem Saarland f\u00fcr Deutschland, Grossregion und Oberrhein","article_published_time":"2021-04-11T20:24:03+00:00","og_image":[{"url":"https:\/\/mms-event.de\/wp-content\/uploads\/2021\/04\/Bildschirme.jpg","type":"","width":"","height":""}],"author":"Steffen","twitter_card":"summary_large_image","twitter_misc":{"Verfasst von":"Steffen","Gesch\u00e4tzte Lesezeit":"1\u00a0Minute"},"schema":{"@context":"https:\/\/schema.org","@graph":[{"@type":"Article","@id":"https:\/\/mms-event.de\/index.php\/2021\/04\/11\/konferenz-und-medientechnik\/#article","isPartOf":{"@id":"https:\/\/mms-event.de\/index.php\/2021\/04\/11\/konferenz-und-medientechnik\/"},"author":{"name":"Steffen","@id":"https:\/\/mms-event.de\/#\/schema\/person\/f560a4eb33442d6ea2bfb8db47f4d186"},"headline":"Konferenz- und Medientechnik","datePublished":"2021-04-11T20:24:03+00:00","mainEntityOfPage":{"@id":"https:\/\/mms-event.de\/index.php\/2021\/04\/11\/konferenz-und-medientechnik\/"},"wordCount":55,"publisher":{"@id":"https:\/\/mms-event.de\/#organization"},"image":{"@id":"https:\/\/mms-event.de\/index.php\/2021\/04\/11\/konferenz-und-medientechnik\/#primaryimage"},"thumbnailUrl":"https:\/\/mms-event.de\/wp-content\/uploads\/2021\/04\/Bildschirme.jpg","articleSection":["Portfolio"],"inLanguage":"de"},{"@type":"WebPage","@id":"https:\/\/mms-event.de\/index.php\/2021\/04\/11\/konferenz-und-medientechnik\/","url":"https:\/\/mms-event.de\/index.php\/2021\/04\/11\/konferenz-und-medientechnik\/","name":"Konferenz- und Medientechnik - herzlich Willkommen bei Ihrem Konferenz-, Video- und Veranstaltungstechnikdienstleister aus dem Saarland f\u00fcr Deutschland, Grossregion und Oberrhein","isPartOf":{"@id":"https:\/\/mms-event.de\/#website"},"primaryImageOfPage":{"@id":"https:\/\/mms-event.de\/index.php\/2021\/04\/11\/konferenz-und-medientechnik\/#primaryimage"},"image":{"@id":"https:\/\/mms-event.de\/index.php\/2021\/04\/11\/konferenz-und-medientechnik\/#primaryimage"},"thumbnailUrl":"https:\/\/mms-event.de\/wp-content\/uploads\/2021\/04\/Bildschirme.jpg","datePublished":"2021-04-11T20:24:03+00:00","breadcrumb":{"@id":"https:\/\/mms-event.de\/index.php\/2021\/04\/11\/konferenz-und-medientechnik\/#breadcrumb"},"inLanguage":"de","potentialAction":[{"@type":"ReadAction","target":["https:\/\/mms-event.de\/index.php\/2021\/04\/11\/konferenz-und-medientechnik\/"]}]},{"@type":"ImageObject","inLanguage":"de","@id":"https:\/\/mms-event.de\/index.php\/2021\/04\/11\/konferenz-und-medientechnik\/#primaryimage","url":"https:\/\/mms-event.de\/wp-content\/uploads\/2021\/04\/Bildschirme.jpg","contentUrl":"https:\/\/mms-event.de\/wp-content\/uploads\/2021\/04\/Bildschirme.jpg"},{"@type":"BreadcrumbList","@id":"https:\/\/mms-event.de\/index.php\/2021\/04\/11\/konferenz-und-medientechnik\/#breadcrumb","itemListElement":[{"@type":"ListItem","position":1,"name":"Startseite","item":"https:\/\/mms-event.de\/"},{"@type":"ListItem","position":2,"name":"Konferenz- und Medientechnik"}]},{"@type":"WebSite","@id":"https:\/\/mms-event.de\/#website","url":"https:\/\/mms-event.de\/","name":"herzlich Willkommen bei Ihrem Konferenz-, Video- und Veranstaltungstechnikdienstleister aus dem Saarland f\u00fcr Deutschland, Grossregion und Oberrhein","description":"Information \u00fcber die Dienstleistungen und das Angebot an Konferenz- und Medientechnik unseres Unternehmens","publisher":{"@id":"https:\/\/mms-event.de\/#organization"},"potentialAction":[{"@type":"SearchAction","target":{"@type":"EntryPoint","urlTemplate":"https:\/\/mms-event.de\/?s={search_term_string}"},"query-input":{"@type":"PropertyValueSpecification","valueRequired":true,"valueName":"search_term_string"}}],"inLanguage":"de"},{"@type":"Organization","@id":"https:\/\/mms-event.de\/#organization","name":"mms-event music & media service e.K.","url":"https:\/\/mms-event.de\/","logo":{"@type":"ImageObject","inLanguage":"de","@id":"https:\/\/mms-event.de\/#\/schema\/logo\/image\/","url":"https:\/\/mms-event.de\/wp-content\/uploads\/2023\/11\/2021-01-06_MMSevent-Logo_mit_Text_340px-1-300x67-1.jpg","contentUrl":"https:\/\/mms-event.de\/wp-content\/uploads\/2023\/11\/2021-01-06_MMSevent-Logo_mit_Text_340px-1-300x67-1.jpg","width":300,"height":67,"caption":"mms-event music & media service e.K."},"image":{"@id":"https:\/\/mms-event.de\/#\/schema\/logo\/image\/"}},{"@type":"Person","@id":"https:\/\/mms-event.de\/#\/schema\/person\/f560a4eb33442d6ea2bfb8db47f4d186","name":"Steffen","image":{"@type":"ImageObject","inLanguage":"de","@id":"https:\/\/secure.gravatar.com\/avatar\/100d36216d86770e41ec8c7ca51e02ce4f054541f49fca0c4e31849c6bcd700b?s=96&d=mm&r=g","url":"https:\/\/secure.gravatar.com\/avatar\/100d36216d86770e41ec8c7ca51e02ce4f054541f49fca0c4e31849c6bcd700b?s=96&d=mm&r=g","contentUrl":"https:\/\/secure.gravatar.com\/avatar\/100d36216d86770e41ec8c7ca51e02ce4f054541f49fca0c4e31849c6bcd700b?s=96&d=mm&r=g","caption":"Steffen"},"sameAs":["https:\/\/mms-event.de"],"url":"https:\/\/mms-event.de\/index.php\/author\/steffen\/"}]}},"_links":{"self":[{"href":"https:\/\/mms-event.de\/index.php\/wp-json\/wp\/v2\/posts\/296","targetHints":{"allow":["GET"]}}],"collection":[{"href":"https:\/\/mms-event.de\/index.php\/wp-json\/wp\/v2\/posts"}],"about":[{"href":"https:\/\/mms-event.de\/index.php\/wp-json\/wp\/v2\/types\/post"}],"author":[{"embeddable":true,"href":"https:\/\/mms-event.de\/index.php\/wp-json\/wp\/v2\/users\/1"}],"replies":[{"embeddable":true,"href":"https:\/\/mms-event.de\/index.php\/wp-json\/wp\/v2\/comments?post=296"}],"version-history":[{"count":0,"href":"https:\/\/mms-event.de\/index.php\/wp-json\/wp\/v2\/posts\/296\/revisions"}],"wp:attachment":[{"href":"https:\/\/mms-event.de\/index.php\/wp-json\/wp\/v2\/media?parent=296"}],"wp:term":[{"taxonomy":"category","embeddable":true,"href":"https:\/\/mms-event.de\/index.php\/wp-json\/wp\/v2\/categories?post=296"},{"taxonomy":"post_tag","embeddable":true,"href":"https:\/\/mms-event.de\/index.php\/wp-json\/wp\/v2\/tags?post=296"}],"curies":[{"name":"wp","href":"https:\/\/api.w.org\/{rel}","templated":true}]}}